{"id":1488,"date":"2018-03-24T17:23:01","date_gmt":"2018-03-24T17:23:01","guid":{"rendered":"https:\/\/www.trimagus.hu\/?p=1488"},"modified":"2020-02-02T14:43:32","modified_gmt":"2020-02-02T14:43:32","slug":"a-honap-kove-karneol","status":"publish","type":"post","link":"https:\/\/www.trimagus.hu\/index.php\/2018\/03\/24\/a-honap-kove-karneol\/","title":{"rendered":"A h\u00f3nap k\u00f6ve: KARNEOL"},"content":{"rendered":"<h4 style=\"text-align: justify;\"><span style=\"color: #d95700;\"><strong>KARNEOL<\/strong><\/span><\/h4>\n<p style=\"text-align: justify;\">A <strong>karneol<\/strong> seg\u00edt, hogy k\u00e9pess\u00e9 v\u00e1ljunk elfogadni az \u00e9let \u00f6r\u00f6k\u00f6s k\u00f6rforg\u00e1s\u00e1t. Ennek eredm\u00e9nyek\u00e9ppen, eloszlatja a hal\u00e1lf\u00e9lelmet. R\u00e9gi kult\u00far\u00e1kban a temetkez\u00e9si ritu\u00e1l\u00e9k sor\u00e1n is haszn\u00e1lt\u00e1k, hogy megv\u00e9dje a halottakat t\u00falvil\u00e1gra vezet\u0151 \u00fatjukon.<!--more--><\/p>\n<p style=\"text-align: justify;\">Ha \u00e9rzelmileg stabill\u00e1 tudunk v\u00e1lni, megtal\u00e1ljuk bels\u0151 k\u00f6z\u00e9ppontunkat, akkor a karma kerek\u00e9nek k\u00f6z\u00e9ppontj\u00e1ba ker\u00fclhet\u00fcnk, ahol csend \u00e9s b\u00e9ke van. Ha erre k\u00e9pess\u00e9 tudunk v\u00e1lni, akkor arra is, hogy kil\u00e9phess\u00fcnk a k\u00f6rforg\u00e1sb\u00f3l. A karneol ebben a folyamatban t\u00e1rsunk \u00e9s t\u00e1mogat\u00f3nk.<\/p>\n<p style=\"text-align: justify;\">Sz\u00ednei \u00e9s energi\u00e1i k\u00f6vetkezt\u00e9ben az emberi csakrarendszer als\u00f3 k\u00e9t csakr\u00e1j\u00e1ba tud kapcsol\u00f3dni, az ott gy\u00f6kerez\u0151 folyamatokat t\u00e1pl\u00e1lja \u00e9s t\u00e1mogatja. Ennek k\u00f6vetkezt\u00e9ben visszat\u00e9rhet elvesztett \u00e9letkedv\u00fcnk <em>(depresszi\u00f3, ap\u00e1tia)<\/em>, n\u00f6vekedhet \u00e9letenergi\u00e1nk, aktivit\u00e1sunk \u00e9s kreativit\u00e1sunk.<\/p>\n<p style=\"text-align: justify;\">Az agyi aktivit\u00e1s serkent\u00e9s\u00e9nek hat\u00e1s\u00e1ra javul az eml\u00e9kez\u0151k\u00e9pess\u00e9g, \u00e9lesebb\u00e9 v\u00e1lik a figyelem \u00e9s az \u00e1lmodoz\u00f3kat lehorgonyozza a mindennapok val\u00f3s\u00e1g\u00e1ba.<\/p>\n<p style=\"text-align: justify;\">B\u00facs\u00fat inthet\u00fcnk a d\u00fchnek, az irigys\u00e9gnek a s\u00e9rt\u0151d\u00e9snek (ak\u00e1r saj\u00e1tunk\u00e9, ak\u00e1r k\u00f6rnyezet\u00fcnkb\u0151l mi v\u00e1ltjuk ki). Eg\u00e9szs\u00e9ges \u00f6nbizalmat alak\u00edthatunk ki, magabiztoss\u00e1, d\u00f6nt\u00e9sk\u00e9pess\u00e9, motiv\u00e1ltt\u00e1 v\u00e1lhatunk, \u00e9s k\u00e9pesek lesz\u00fcnk a f\u00f6ldi l\u00e9tben \u00e9let\u00fcnk ural\u00f3j\u00e1v\u00e1 v\u00e1lni. B\u00e1torr\u00e1 \u00e9s sikeress\u00e9 tesz. El\u0171zi a a negativit\u00e1st, pozit\u00edv \u00e9letszeml\u00e9lettel \u00e9s \u00e9letszeretettel ruh\u00e1zza fel visel\u0151j\u00e9t.<br \/>\nAlapvet\u0151en stabilit\u00e1st hoz, mind az anyagi-, mind pedig az \u00e9rzelemvil\u00e1gunkban.<\/p>\n<p style=\"text-align: justify;\"><strong><u>Gy\u00f3gyhat\u00e1sai:<br \/>\n<\/u><\/strong>serkenti az anyagcser\u00e9t, fokozza a vitaminok \u00e9s \u00e1sv\u00e1nyi anyagok felsz\u00edv\u00f3d\u00e1s\u00e1t, biztos\u00edtja a szervek \u00e9s a sz\u00f6vetek j\u00f3 v\u00e9rell\u00e1t\u00e1s\u00e1t. S\u00e9r\u00fcl\u00e9s eset\u00e9n meg\u00e1ll\u00edtja a v\u00e9rz\u00e9st.<br \/>\nSzab\u00e1lyozza a testnedveket (nyirokrendszer) \u00e9s a ves\u00e9ket. Meggyors\u00edtja a csontok \u00e9s \u00ednszalagok gy\u00f3gyul\u00e1si folyamat\u00e1t, gy\u00f3gy\u00edtja a h\u00e1t als\u00f3 (lumb\u00e1lis) r\u00e9sz\u00e9nek probl\u00e9m\u00e1it, a reum\u00e1t, iz\u00fcleti gyullad\u00e1st.<br \/>\nT\u00e1mogatja a szapor\u00edt\u00f3 szervrendszer szerveit, n\u00f6veli a term\u00e9kenys\u00e9get.<\/p>\n","protected":false},"excerpt":{"rendered":"<p>KARNEOL A karneol seg\u00edt, hogy k\u00e9pess\u00e9 v\u00e1ljunk elfogadni az \u00e9let \u00f6r\u00f6k\u00f6s k\u00f6rforg\u00e1s\u00e1t. Ennek eredm\u00e9nyek\u00e9ppen, eloszlatja a hal\u00e1lf\u00e9lelmet. R\u00e9gi kult\u00far\u00e1kban a temetkez\u00e9si ritu\u00e1l\u00e9k sor\u00e1n is haszn\u00e1lt\u00e1k, hogy megv\u00e9dje a halottakat t\u00falvil\u00e1gra vezet\u0151 \u00fatjukon.<\/p>\n","protected":false},"author":1,"featured_media":1566,"comment_status":"open","ping_status":"open","sticky":false,"template":"","format":"standard","meta":{"footnotes":""},"categories":[41,14,15,26],"tags":[44,43,16,45,17],"_links":{"self":[{"href":"https:\/\/www.trimagus.hu\/index.php\/wp-json\/wp\/v2\/posts\/1488"}],"collection":[{"href":"https:\/\/www.trimagus.hu\/index.php\/wp-json\/wp\/v2\/posts"}],"about":[{"href":"https:\/\/www.trimagus.hu\/index.php\/wp-json\/wp\/v2\/types\/post"}],"author":[{"embeddable":true,"href":"https:\/\/www.trimagus.hu\/index.php\/wp-json\/wp\/v2\/users\/1"}],"replies":[{"embeddable":true,"href":"https:\/\/www.trimagus.hu\/index.php\/wp-json\/wp\/v2\/comments?post=1488"}],"version-history":[{"count":18,"href":"https:\/\/www.trimagus.hu\/index.php\/wp-json\/wp\/v2\/posts\/1488\/revisions"}],"predecessor-version":[{"id":2565,"href":"https:\/\/www.trimagus.hu\/index.php\/wp-json\/wp\/v2\/posts\/1488\/revisions\/2565"}],"wp:featuredmedia":[{"embeddable":true,"href":"https:\/\/www.trimagus.hu\/index.php\/wp-json\/wp\/v2\/media\/1566"}],"wp:attachment":[{"href":"https:\/\/www.trimagus.hu\/index.php\/wp-json\/wp\/v2\/media?parent=1488"}],"wp:term":[{"taxonomy":"category","embeddable":true,"href":"https:\/\/www.trimagus.hu\/index.php\/wp-json\/wp\/v2\/categories?post=1488"},{"taxonomy":"post_tag","embeddable":true,"href":"https:\/\/www.trimagus.hu\/index.php\/wp-json\/wp\/v2\/tags?post=1488"}],"curies":[{"name":"wp","href":"https:\/\/api.w.org\/{rel}","templated":true}]}}