{"id":1551,"date":"2018-04-07T10:08:56","date_gmt":"2018-04-07T10:08:56","guid":{"rendered":"https:\/\/www.trimagus.hu\/?p=1551"},"modified":"2021-02-20T16:20:16","modified_gmt":"2021-02-20T16:20:16","slug":"a-honap-illoolaja-geranium-pelargonium-graveolens","status":"publish","type":"post","link":"https:\/\/www.trimagus.hu\/index.php\/2018\/04\/07\/a-honap-illoolaja-geranium-pelargonium-graveolens\/","title":{"rendered":"A h\u00f3nap ill\u00f3olaja: GER\u00c1NIUM (Pelargonium graveolens)"},"content":{"rendered":"<h4><span style=\"text-decoration: underline;\"><span style=\"color: #fc86c1;\"><strong><a style=\"color: #fc86c1; text-decoration: underline;\" href=\"https:\/\/hu.wikipedia.org\/wiki\/Illatoz\u00f3_musk\u00e1tli\" target=\"_blank\">GER\u00c1NIUM <em>(Pelargonium graveolens)<\/em><\/a><\/strong><\/span><\/span><\/h4>\n<p>Az ill\u00f3olajhoz kapcsol\u00f3d\u00f3\u00a0<strong>fogalmak<\/strong>:<\/p>\n<ul>\n<li>n\u0151iess\u00e9g<\/li>\n<li>sz\u00e9ps\u00e9g<\/li>\n<li>befogad\u00e1s<\/li>\n<li>biztons\u00e1g<\/li>\n<\/ul>\n<p><!--more--><\/p>\n<p><strong>Illata:<\/strong> gy\u00f3gyn\u00f6v\u00e9nyes, z\u00f6ld, vir\u00e1gos, \u00e9des, fanyar<\/p>\n<p>Ill\u00f3olaj\u00e1t a teljes n\u00f6v\u00e9ny felhaszn\u00e1l\u00e1s\u00e1val nyerik ki\u00a0g\u0151z desztill\u00e1l\u00e1sos elj\u00e1r\u00e1ssal.<\/p>\n<p><strong>N\u00e9h\u00e1ny felhaszn\u00e1l\u00e1si javaslat<\/strong>\u00a0a sz\u00e1mos ter\u00fcletb\u0151l:<\/p>\n<ul>\n<li style=\"text-align: justify;\">Sz\u00e9p\u00e9szeti kezel\u00e9sek sor\u00e1n el\u0151szeretettel alkalmazz\u00e1k. Lehet k\u00f6zvetlen\u00fcl az arc\u00e1pol\u00f3 kr\u00e9mbe vagy olajba keverni, illetve g\u0151z\u00f6l\u00e9ses kezel\u00e9s sor\u00e1n a p\u00e1rologtat\u00f3ba cseppenteni. \u00cdgy az ill\u00f3olaj, a g\u0151z hat\u00e1s\u00e1ra kit\u00e1gult p\u00f3rusokon kereszt\u00fcl bejut a b\u0151r m\u00e9lyebb r\u00e9tegeibe is. Szab\u00e1lyozza a faggy\u00fatermel\u00e9st, bakt\u00e9riumellenes hat\u00e1s\u00fa, minden b\u0151rt\u00edpusra alkalmazhat\u00f3.<br \/>\n<em>*T\u00fal\u00e9rz\u00e9keny b\u0151r\u0171ek nagyobb hig\u00edt\u00e1sban alkalmazz\u00e1k csak!<\/em><\/li>\n<li style=\"text-align: justify;\">Izzaszt\u00f3 sporttev\u00e9kenys\u00e9g vagy napoz\u00e1s ut\u00e1ni b\u0151r\u00e1pol\u00e1s sor\u00e1n \u00e9rdemes a h\u00f3nalj \u00e9rz\u00e9keny ter\u00fcleteit bekenni vele, mert gyeng\u00e9den t\u00e1pl\u00e1lja \u00e9s seg\u00edt megnyugtatni az esetleg irrit\u00e1lt b\u0151rfel\u00fcletet.<\/li>\n<li style=\"text-align: justify;\">Szab\u00e1lyozza a hormonrendszer \u00e9s a mell\u00e9kvesek\u00e9reg m\u0171k\u00f6d\u00e9s\u00e9t. Serkenti a nyirokrendszert, vizelethajt\u00f3 hat\u00e1s\u00fa, \u00edgy a tavaszi m\u00e9regtelen\u00edt\u00e9s sor\u00e1n is b\u00e1rtan forduljunk hozz\u00e1.<\/li>\n<li style=\"text-align: justify;\">Haj\u00e1pol\u00e1sn\u00e1l \u00e9rdemes a samponba vagy a kondicion\u00e1l\u00f3 term\u00e9kbe keverni bel\u0151le n\u00e9h\u00e1ny cseppet, majd l\u00e1gyan a fejb\u0151rbe massz\u00edrozni. Nyugtatja a fejb\u0151rt, t\u00e1pl\u00e1lja a hajhagym\u00e1kat, ez\u00e1ltal el\u0151seg\u00edti a haj regener\u00e1l\u00f3d\u00e1s\u00e1t, amely a kezel\u00e9sek hat\u00e1s\u00e1ra eg\u00e9szs\u00e9ges f\u00e9ny\u0171 \u00e9s d\u00fas megjelen\u00e9s\u0171 lesz.<\/li>\n<li style=\"text-align: justify;\">N\u0151i min\u0151s\u00e9geket t\u00e1mogat\u00f3 ill\u00f3olaj, \u00edgy a h\u00f6lgyek\u00a0alkamazhatj\u00e1k menstur\u00e1ci\u00f3s probl\u00e9m\u00e1kn\u00e1l vagy klimax eset\u00e9n. Laz\u00edt\u00f3, meleg\u00edt\u0151, friss\u00edt\u0151 hat\u00e1s\u00fa, \u00edgy \u00e9rdemes egy kellemes illatos aromater\u00e1pi\u00e1s f\u00fcrd\u0151t venni vele. Partner\u00fcnket is megk\u00e9rhetj\u00fck, hogy gyeng\u00e9den massz\u00edrozzon \u00e1t a test\u00e1pol\u00f3ba cs\u00f6ppentett ill\u00f3olajjal.<\/li>\n<li style=\"text-align: justify;\">Antidepressz\u00e1s hat\u00e1sa is ismert, \u00edgy a t\u00e9l okozta m\u00e9lab\u00fat is k\u00f6nnyed\u00e9n elengedhetj\u00fck seg\u00edts\u00e9g\u00e9vel a l\u00e1gy tavaszi szelek sz\u00e1rny\u00e1n. Lak\u00e1sban is p\u00e1rologtathatjuk.<\/li>\n<\/ul>\n<p style=\"text-align: right;\"><em>Szakmai lektor:\u00a0<a href=\"https:\/\/www.trimagus.hu\/wp-content\/uploads\/2018\/02\/Gyongyi.pdf\" target=\"_blank\">Moln\u00e1rn\u00e9 Papp Gy\u00f6ngyi &#8211; aromaterapeuta<\/a><\/em><br \/>\n<em>Szerkesztette:\u00a0<a href=\"https:\/\/www.trimagus.hu\/index.php\/rolunk\/a-trimagus-csapata\/\" target=\"_blank\">Kevi Andrea<\/a><\/em><\/p>\n","protected":false},"excerpt":{"rendered":"<p>GER\u00c1NIUM (Pelargonium graveolens) Az ill\u00f3olajhoz kapcsol\u00f3d\u00f3\u00a0fogalmak: n\u0151iess\u00e9g sz\u00e9ps\u00e9g befogad\u00e1s biztons\u00e1g<\/p>\n","protected":false},"author":1,"featured_media":1557,"comment_status":"closed","ping_status":"open","sticky":false,"template":"","format":"standard","meta":{"footnotes":""},"categories":[47,46,14,15],"tags":[48,52,12,13,56,49,16,55,53,17],"_links":{"self":[{"href":"https:\/\/www.trimagus.hu\/index.php\/wp-json\/wp\/v2\/posts\/1551"}],"collection":[{"href":"https:\/\/www.trimagus.hu\/index.php\/wp-json\/wp\/v2\/posts"}],"about":[{"href":"https:\/\/www.trimagus.hu\/index.php\/wp-json\/wp\/v2\/types\/post"}],"author":[{"embeddable":true,"href":"https:\/\/www.trimagus.hu\/index.php\/wp-json\/wp\/v2\/users\/1"}],"replies":[{"embeddable":true,"href":"https:\/\/www.trimagus.hu\/index.php\/wp-json\/wp\/v2\/comments?post=1551"}],"version-history":[{"count":12,"href":"https:\/\/www.trimagus.hu\/index.php\/wp-json\/wp\/v2\/posts\/1551\/revisions"}],"predecessor-version":[{"id":2927,"href":"https:\/\/www.trimagus.hu\/index.php\/wp-json\/wp\/v2\/posts\/1551\/revisions\/2927"}],"wp:featuredmedia":[{"embeddable":true,"href":"https:\/\/www.trimagus.hu\/index.php\/wp-json\/wp\/v2\/media\/1557"}],"wp:attachment":[{"href":"https:\/\/www.trimagus.hu\/index.php\/wp-json\/wp\/v2\/media?parent=1551"}],"wp:term":[{"taxonomy":"category","embeddable":true,"href":"https:\/\/www.trimagus.hu\/index.php\/wp-json\/wp\/v2\/categories?post=1551"},{"taxonomy":"post_tag","embeddable":true,"href":"https:\/\/www.trimagus.hu\/index.php\/wp-json\/wp\/v2\/tags?post=1551"}],"curies":[{"name":"wp","href":"https:\/\/api.w.org\/{rel}","templated":true}]}}