{"id":2645,"date":"2020-06-30T20:36:40","date_gmt":"2020-06-30T20:36:40","guid":{"rendered":"https:\/\/www.trimagus.hu\/?p=2645"},"modified":"2021-02-20T16:30:56","modified_gmt":"2021-02-20T16:30:56","slug":"a-honap-illoolaja-adaptive-keverek-olaj","status":"publish","type":"post","link":"https:\/\/www.trimagus.hu\/index.php\/2020\/06\/30\/a-honap-illoolaja-adaptive-keverek-olaj\/","title":{"rendered":"A h\u00f3nap ill\u00f3olaja: ADAPTIV (kever\u00e9k olaj)"},"content":{"rendered":"<h4><span style=\"text-decoration: underline;\"><span style=\"color: #000080;\"><strong>ADAPTIV (kever\u00e9k olaj)<\/strong><\/span><\/span><\/h4>\n<p>Az ill\u00f3olajhoz kapcsol\u00f3d\u00f3\u00a0<strong>fogalmak<\/strong>:<\/p>\n<ul>\n<li>ki\u00e1rad\u00e1s<\/li>\n<li>emelked\u00e9s<\/li>\n<li>k\u00f6z\u00e9ppont<\/li>\n<li>bels\u0151 b\u00e9ke<\/li>\n<\/ul>\n<p><!--more--><\/p>\n<p><strong>Illata:<\/strong>\u00a0\u00e9des,\u00a0citrusos, vir\u00e1gos<\/p>\n<p style=\"text-align: justify;\">Ill\u00f3olaj\u00e1nak alapjait &#8211; az eddigiekkel ellent\u00e9tben &#8211; t\u00f6bb n\u00f6v\u00e9nyi komponensb\u0151l v\u00e1logatt\u00e1k \u00f6ssze \u00fagy, hogy a c\u00e9lt \u00e9s a megfelel\u0151 hat\u00e1sfokot szem el\u0151tt tartott\u00e1k. A n\u00f6v\u00e9nyi alapanyagok a k\u00f6vetkez\u0151k: vadnarancs, levendula, copaiba, fodormenta, magn\u00f3lia, rozmaring, neroli\u00a0\u00e9s \u00e1mbrafa.<\/p>\n<p style=\"text-align: justify;\">A gondosan v\u00e1logatott \u00f6sszetev\u0151i seg\u00edtenek a borong\u00f3s napokon is napf\u00e9nyt csalni \u00e9let\u00fcnkbe. A narancs \u00e9s a menta emel\u0151er\u0151vel b\u00edr, seg\u00edts\u00e9g\u00e9vel\u00a0der\u0171sebben\u00a0n\u00e9z\u00fcnk szembe a kih\u00edv\u00e1sokkal. A vir\u00e1gos illatjegyek elsim\u00edtj\u00e1k lelk\u00fcnk tenger\u00e9n a tajt\u00e9kokat, m\u00edg a copaiba \u00e9s \u00e1mbrafa t\u00e1mogat benn\u00fcnket abban, hogy \u00f6nn\u00f6n m\u00e9lys\u00e9geinkbe horgonyt verhess\u00fcnk, \u00edgy stabill\u00e1 \u00e9s kiegyens\u00falyozott\u00e1 v\u00e1lhassunk. \u00d6sszess\u00e9g\u00e9ben v\u00e9ve seg\u00edt alkalmazkodni a mindennapos kih\u00edv\u00e1sokhoz, legyen sz\u00f3 ak\u00e1r \u00fczleti tal\u00e1lkoz\u00f3r\u00f3l, ahol topon kell lenn\u00fcnk, ak\u00e1r egy meghitt csal\u00e1di egy\u00fcttl\u00e9tr\u0151l, ahol \u00f6nmagunkba vetett hit\u00fcnk \u00e9s bels\u0151 egyens\u00falyunk hozza meg a biztons\u00e1g\u00e9rzetet \u00e9s az \u00f6sszetart\u00f3er\u0151t a t\u00f6bbiek sz\u00e1m\u00e1ra is.<\/p>\n<p>Az Adaptiv<b>\u00a0<\/b>olajat csak k\u00fcls\u0151leg javasoljuk haszn\u00e1lni, h\u00edg\u00edtott form\u00e1ban, viv\u0151 seg\u00edts\u00e9g\u00e9vel.\u00a0Haszn\u00e1ljuk a nap folyam\u00e1n b\u00e1rmikor, amikor sz\u00fcks\u00e9g\u00e9t \u00e9rezz\u00fck, pulzuspontokon vagy sz\u00edvt\u00e1j\u00e9kon. \u00c9rdemes gondolni r\u00e1 lefekv\u00e9s el\u0151tt is, hogy \u00e9jszak\u00e1nk kell\u0151k\u00e9ppen pihentet\u0151 legyen, ne az eg\u00e9sz napos &#8211; net\u00e1n frusztr\u00e1l\u00f3 &#8211; gondolatok zakatoljanak a fej\u00fcnkben \u00e9jjel, am\u00edg alszunk. Haszn\u00e1lhatjuk talpon is. P\u00e1rologtathatjuk a lak\u00e1sban, ha megnyugtat\u00f3 l\u00e9gk\u00f6rt \u00e9s egyens\u00falyt szeretn\u00e9nk otthonunkban teremteni.<\/p>\n<p style=\"text-align: center;\"><strong>FIGYELEM! GYERMEK KEZ\u00c9BE NE KER\u00dcLJ\u00d6N!<br \/>\n<\/strong><strong>V\u00c1RAND\u00d3SOK, SZOPTAT\u00d3S KISMAM\u00c1K \u00c9S ORVOSI KEZEL\u00c9S ALATT \u00c1LL\u00d3K KONZULT\u00c1LJANAK A KEZEL\u0150ORVOSSAL HASZN\u00c1LAT EL\u0150TT!<br \/>\nKER\u00dcLJ\u00dcK EL A SZEMBE, BELS\u0150 F\u00dcLJ\u00c1RATBA VAGY \u00c9RZ\u00c9KENY TER\u00dcLETEKRE JUT\u00c1S\u00c1T!<br \/>\n<\/strong><strong>HASZN\u00c1LAT UT\u00c1N 12 \u00d3R\u00c1N \u00c1T KER\u00dcLJ\u00dcK A DIREKT NAPSUG\u00c1RZ\u00c1ST.<\/strong><\/p>\n<p style=\"text-align: right;\"><em>Szakmai lektor:\u00a0<a href=\"https:\/\/www.trimagus.hu\/wp-content\/uploads\/2018\/02\/Gyongyi.pdf\" target=\"_blank\">Moln\u00e1rn\u00e9 Papp Gy\u00f6ngyi \u2013 aromaterapeuta<\/a><\/em><br \/>\n<em>Szerkesztette:\u00a0<a href=\"https:\/\/www.trimagus.hu\/index.php\/rolunk\/a-trimagus-csapata\/\" target=\"_blank\">Kevi Andrea<\/a><\/em><\/p>\n","protected":false},"excerpt":{"rendered":"<p>ADAPTIV (kever\u00e9k olaj) Az ill\u00f3olajhoz kapcsol\u00f3d\u00f3\u00a0fogalmak: ki\u00e1rad\u00e1s emelked\u00e9s k\u00f6z\u00e9ppont bels\u0151 b\u00e9ke<\/p>\n","protected":false},"author":1,"featured_media":2647,"comment_status":"closed","ping_status":"open","sticky":false,"template":"","format":"standard","meta":{"footnotes":""},"categories":[47,46,14,15],"tags":[48,52,118,13,49,67],"_links":{"self":[{"href":"https:\/\/www.trimagus.hu\/index.php\/wp-json\/wp\/v2\/posts\/2645"}],"collection":[{"href":"https:\/\/www.trimagus.hu\/index.php\/wp-json\/wp\/v2\/posts"}],"about":[{"href":"https:\/\/www.trimagus.hu\/index.php\/wp-json\/wp\/v2\/types\/post"}],"author":[{"embeddable":true,"href":"https:\/\/www.trimagus.hu\/index.php\/wp-json\/wp\/v2\/users\/1"}],"replies":[{"embeddable":true,"href":"https:\/\/www.trimagus.hu\/index.php\/wp-json\/wp\/v2\/comments?post=2645"}],"version-history":[{"count":10,"href":"https:\/\/www.trimagus.hu\/index.php\/wp-json\/wp\/v2\/posts\/2645\/revisions"}],"predecessor-version":[{"id":2957,"href":"https:\/\/www.trimagus.hu\/index.php\/wp-json\/wp\/v2\/posts\/2645\/revisions\/2957"}],"wp:featuredmedia":[{"embeddable":true,"href":"https:\/\/www.trimagus.hu\/index.php\/wp-json\/wp\/v2\/media\/2647"}],"wp:attachment":[{"href":"https:\/\/www.trimagus.hu\/index.php\/wp-json\/wp\/v2\/media?parent=2645"}],"wp:term":[{"taxonomy":"category","embeddable":true,"href":"https:\/\/www.trimagus.hu\/index.php\/wp-json\/wp\/v2\/categories?post=2645"},{"taxonomy":"post_tag","embeddable":true,"href":"https:\/\/www.trimagus.hu\/index.php\/wp-json\/wp\/v2\/tags?post=2645"}],"curies":[{"name":"wp","href":"https:\/\/api.w.org\/{rel}","templated":true}]}}